{"id":5891,"date":"2021-09-17T16:28:04","date_gmt":"2021-09-17T14:28:04","guid":{"rendered":"http:\/\/www.freiefarbe.de\/?p=5891"},"modified":"2022-12-07T01:33:28","modified_gmt":"2022-12-07T00:33:28","slug":"jahreshauptversammlung-am-06-11-2021-ab-1400-uhr-in-ilmenau-oder-online","status":"publish","type":"post","link":"https:\/\/freiefarbe.de\/en\/blog\/2021\/09\/17\/jahreshauptversammlung-am-06-11-2021-ab-1400-uhr-in-ilmenau-oder-online\/","title":{"rendered":"Annual General Meeting on 06.11.2021 from 14:00 in Ilmenau (or online)"},"content":{"rendered":"<p>Das Fachgebiet Lichttechnik der TU Ilmenau bietet den Rahmen f\u00fcr unsere diesj\u00e4hrige Jahreshauptversammlung. Einerseits ist es die zentrale Lage des Th\u00fcringer Waldes, zweitens etwas Inspiration durch die mitteldeutsche Farbgemeinde (allen voran J.W.v. Goethe), und drittens der inhaltliche Rahmen der TU \u2013 alles zusammen macht den Ort f\u00fcr unsere Tagung perfekt geeignet.<\/p>\n<p>Die Lehre und Forschung des Fachgebietes Lichttechnik umfasst die Bereiche physiologische Optik, Lichtmesstechnik, Farbmetrik, Lampen, Leuchten und Beleuchtungs- bzw. Bestrahlungstechnik. Entsprechend verf\u00fcgt das Fachgebiet \u00fcber Spezialmesstechnik und Versuchsaufbauten \u2013 wir werden einen interessanten und inspirierenden Rundgang durch das Institut unternehmen.Wir bedanken uns schon jetzt beim Institutsleiter Professor Christoph Schierz und bei der wissenschaftlichen Mitarbeiterin Dr. Karin Bieske!<\/p>\n<p>Wir haben in Masserberg im Th\u00fcringer Wald, ca. 20 km entfernt von der TU Ilmenau, eine gemeinsame Unterkunft gemietet. Dort werden wir am Freitag und am Samstag mit ausreichend Zeit bei einem guten &#8222;Gl\u00e4schen und H\u00e4ppchen&#8220; gemeinsame Pl\u00e4ne f\u00fcr die Zukunft der Farbe schmieden. Bitte teilen Sie uns fr\u00fchestm\u00f6glich mit, wenn Sie dort Unterkunft w\u00fcnschen &#8211; es gibt dort maximal 7 Zimmer.<\/p>\n<p><a href=\"https:\/\/freiefarbe.de\/wp-content\/uploads\/2021\/10\/ilmenau-unterkunft.jpg\"><img loading=\"lazy\" decoding=\"async\" class=\"aligncenter wp-image-5927 size-large\" style=\"margin-bottom: 1em;\" src=\"https:\/\/freiefarbe.de\/wp-content\/uploads\/2021\/10\/ilmenau-unterkunft-1024x249.jpg\" alt=\"yyy\" width=\"1024\" height=\"249\" \/><\/a><\/p>\n<p>Falls Sie sich an der zuk\u00fcnftigen Arbeit des Vereins oder in Projekten aktiv beteiligen m\u00f6chten, \u00fcbernimmt der Verein die o.g. Unterkunft und einen Reisekostenzuschuss bis zu 100 Euro.<\/p>\n<p><i>Ihr Holger Everding<\/i><br \/>\n<i>Vorsitzender<\/i><\/p>\n<h2 id=\"geplante-tagesordnung\">Geplante Tagesordnung<\/h2>\n<ul>\n<li>Feststellung der ordnungsgem\u00e4\u00dfen Einladung<\/li>\n<li>Vorstellung der Kandidaten f\u00fcr den neuen Vorstand<\/li>\n<li>Entlastung und Neuwahl des Vorstandes<\/li>\n<li>Kassenbericht 2020 und Situation 2021<\/li>\n<li>Bericht zu den laufenden und geplanten Aktivit\u00e4ten<\/li>\n<li>Finanzplanung f\u00fcr das kommende Jahr<\/li>\n<li>Sonstiges<\/li>\n<\/ul>\n<p><b>Nach den R\u00fccktritten, der hoffentlich bald \u00fcberstanden Corona-Situation und der hiermit verbundenen &#8222;Durststrecke&#8220; sollen wichtige Weichen f\u00fcr die Zukunft des Vereins gestellt werden. <b>Letztlich geht es um die Zukunft der Farbe. Wir hoffen, dass die JHV 2021 Ausgangspunkt eines Wieder-Erstarkens unserer Bewegung ist.<\/b><\/b><\/p>\n<h3 id=\"sie-koennen-auch-online-an-der-jahreshauptversammlung-teilnehmen\">Sie k\u00f6nnen auch online an der Jahreshauptversammlung teilnehmen:<\/h3>\n<p><strong class=\"aligncenter\" style=\"width: 50%; padding: 0.5em; border: 2px solid darkred; border-radius: 5px;\"><a style=\"color: darkred; text-decoration: none;\" href=\"https:\/\/teams.microsoft.com\/l\/meetup-join\/19%3ameeting_NmZhM2Y3NGYtYmY5Zi00NzUzLTliYTEtNzkxM2IzZWQ1YTNh%40thread.v2\/0?context=%7b%22Tid%22%3a%22444e24e1-d4e1-46c3-803a-6aeb2337f4e1%22%2c%22Oid%22%3a%2293e5383b-5d5a-4cff-8603-d02a9f0fbad8%22%7d\">\u2192 Link zur Online-Teilnahme \u00fcber MS Teams<\/a><\/strong><\/p>\n<hr style=\"border-bottom: 4px dotted darkred;\" \/>\n[ninja_form id=5]\n","protected":false},"excerpt":{"rendered":"The Lighting Technology Department at TU Ilmenau provides the setting for our Annual General Meeting this year. On the one hand, it is the central...","protected":false},"author":8,"featured_media":5920,"comment_status":"open","ping_status":"open","sticky":false,"template":"","format":"standard","meta":{"_oasis_is_in_workflow":0,"_oasis_original":0,"footnotes":""},"categories":[18],"tags":[],"class_list":{"0":"post-5891","1":"post","2":"type-post","3":"status-publish","4":"format-standard","5":"has-post-thumbnail","7":"category-allgemein"},"_links":{"self":[{"href":"https:\/\/freiefarbe.de\/en\/wp-json\/wp\/v2\/posts\/5891","targetHints":{"allow":["GET"]}}],"collection":[{"href":"https:\/\/freiefarbe.de\/en\/wp-json\/wp\/v2\/posts"}],"about":[{"href":"https:\/\/freiefarbe.de\/en\/wp-json\/wp\/v2\/types\/post"}],"author":[{"embeddable":true,"href":"https:\/\/freiefarbe.de\/en\/wp-json\/wp\/v2\/users\/8"}],"replies":[{"embeddable":true,"href":"https:\/\/freiefarbe.de\/en\/wp-json\/wp\/v2\/comments?post=5891"}],"version-history":[{"count":1,"href":"https:\/\/freiefarbe.de\/en\/wp-json\/wp\/v2\/posts\/5891\/revisions"}],"predecessor-version":[{"id":6622,"href":"https:\/\/freiefarbe.de\/en\/wp-json\/wp\/v2\/posts\/5891\/revisions\/6622"}],"wp:featuredmedia":[{"embeddable":true,"href":"https:\/\/freiefarbe.de\/en\/wp-json\/wp\/v2\/media\/5920"}],"wp:attachment":[{"href":"https:\/\/freiefarbe.de\/en\/wp-json\/wp\/v2\/media?parent=5891"}],"wp:term":[{"taxonomy":"category","embeddable":true,"href":"https:\/\/freiefarbe.de\/en\/wp-json\/wp\/v2\/categories?post=5891"},{"taxonomy":"post_tag","embeddable":true,"href":"https:\/\/freiefarbe.de\/en\/wp-json\/wp\/v2\/tags?post=5891"}],"curies":[{"name":"wp","href":"https:\/\/api.w.org\/{rel}","templated":true}]}}