{"id":4478,"date":"2019-05-13T21:04:32","date_gmt":"2019-05-13T19:04:32","guid":{"rendered":"http:\/\/www.freiefarbe.de\/?p=4478"},"modified":"2022-12-07T01:14:08","modified_gmt":"2022-12-07T00:14:08","slug":"english-12-dresdner-farbenforum-2019-die-logik-der-farbe-farbe-in-den-medien","status":"publish","type":"post","link":"https:\/\/freiefarbe.de\/en\/blog\/2019\/05\/13\/english-12-dresdner-farbenforum-2019-die-logik-der-farbe-farbe-in-den-medien\/","title":{"rendered":"12th Dresden Colour Forum \u201cfree colour - it's logical\u201c"},"content":{"rendered":"<p>Ber\u00fchmte Namen wie Johann Wolfgang von Goethe, Wilhelm Ostwald und Manfred Richter k\u00fcnden von der f\u00fchrenden Rolle Mitteldeutschlands bei der Entwicklung der Farblehre und Farbtheorie bis heute. Die dort Lehrenden haben erst k\u00fcrzlich mit &#8222;FARBAKS&#8220; ein millionenschweres \u00f6ffentlich gef\u00f6rdertes Wissenschaftsprojekt zur Farbe abgeschlossen. An der Technischen Universit\u00e4t Dresden hat man im Laufe der Zeit auch eine umfangreiche Sammlung an aktuellen und historischen Materialien zur Farbenlehre zusammen getragen.<\/p>\n[rl_gallery id=&#8220;4466&#8243;]\n<hr \/>\n<p>Neben der Tagung der Deutschen farbwissenschaftlichen Gesellschaft muss man das j\u00e4hrlich stattfindende &#8222;Dresdner Farbenforum&#8220; als Highlight der Farbwelt bezeichnen, bei dem sich f\u00fchrende Vertreter aus Wissenschaft, Kunst und Architektur versammeln, um in ungezwungener Atmosph\u00e4re die neuesten Trends vorzustellen und zu diskutieren. In den Vortr\u00e4gen ging es nicht um mathematisch-physikalische Ans\u00e4tze (die eher bei der DfwG im Mittelpunkt stehen), sondern z.B. um moderne Formen des Druckens (das keineswegs mehr nur in Druckereien stattfindet), Farbenlehre im Laufe der Jahrhunderte, Lichtdesign und Medienarchitektur oder neue Ans\u00e4tze der Farbwissensvermittlung an Grundschulen &#8211; also ein buntes wissenschaftliches Kaleidoskop.<\/p>\n<h3 id=\"das-lebenswerk-und-die-sammlung-harald-kueppers\">Das Lebenswerk und die Sammlung Harald K\u00fcppers<\/h3>\n<p>Harald K\u00fcppers hatte in den vergangenen Jahrzehnten ma\u00dfgeblichen Anteil an den Entwicklungen der Druckbranche und der Farbtheorie. Als Unternehmer war er ebenso erfolgreich wie als Autor zahlreicher Fachb\u00fccher. Er war aktiv in Normungsgremien und wurde mit dem Bundesverdienstkreuz ausgezeichnet. Aus rein privatem Interesse forschte er am Thema Farbe, unterrichtete, entwickelte seine Farbenlehre des &#8222;Rhomboeders&#8220; und stellte eine umfangreiche private Bibliothek an Materialien zur Farbe zusammen. Diese hatte er nun, im Alter von 91 Jahren, der TU Dresden vermacht, um sie der Nachwelt zu erhalten und \u00f6ffentlich zug\u00e4nglich zu machen.<\/p>\n<p>Die Tagung war zu einem gro\u00dfen Teil Harald K\u00fcppers gewidmet, es gab eine Laudatio aus dem Kreis der Druckindustrie und einen Bericht von Andreas Kraushaar, dem Chef der Fogra, wie viel K\u00fcppers in unserer aktuellen Drucktechnik steckt. Besonders bewegend war der Vortrag von Harald K\u00fcppers selbst, in dem er seine Lehre des &#8222;Farbrhomboeders&#8220; noch einmal in aller K\u00fcrze vorstellte, und den er mit den Worten abschloss: &#8222;Ich vermute, dass dies die endg\u00fcltige L\u00f6sung f\u00fcr das Problem der Farbenlehre ist.&#8220;<\/p>\n<h3 id=\"freiefarbe\">freieFarbe<\/h3>\n<p>In diesem Umfeld war es eine gro\u00dfe Ehre, eingeladen worden zu sein, um \u00fcber Gr\u00fcnde und Perspektiven freier Farbe und \u00fcber unseren Verein zu berichten. &#8222;Logik der Farbe&#8220; war ja das Motto der Tagung, &#8222;freieFarbe &#8211; ist doch logisch&#8220; die Antwort. Im Rahmen der Tagung und der vielen interessanten Themen wurde nochmal deutlich, dass der Ansatz &#8222;freieFarbe&#8220; enormes Potential hat. Daneben ergaben sich gute neue Kontakte und Ideen f\u00fcr Projekte.<\/p>\n<h3 id=\"wilhelm-ostwald\">Wilhelm Ostwald<\/h3>\n<p>Ein Besuch in Gro\u00dfbothen, auf dem Landsitz &#8222;Energie&#8220; und heutigen Museum des Chemikers, Farbenforschers, Nobelpreistr\u00e4gers, Universalgenies,&#8230; Wilhelm Ostwald (1852-1932) erbrachte weitere interessante Einblicke.<\/p>\n<hr \/>\n<p><strong>An dieser Stelle ein gro\u00dfes Dankesch\u00f6n an die Veranstalter des Dresdner Farbenforums f\u00fcr die Einladung!<\/strong><\/p>\n<p><em>Holger Everding<\/em><\/p>\n<h2 id=\"weiterfuehrende-links\">Weiterf\u00fchrende Links<\/h2>\n<p><a href=\"https:\/\/tu-dresden.de\/bu\/architektur\/die-fakultaet\/news\/12-dresdner-farbenforum\">https:\/\/tu-dresden.de\/bu\/architektur\/die-fakultaet\/news\/12-dresdner-farbenforum<\/a><br \/>\nTagungsprogramm 12. Dresdner Farbenforum<\/p>\n<p><a href=\"https:\/\/www.dnn.de\/Dresden\/Lokales\/Dresdner-Farbensammlung-fuehrt-Schattendasein\">https:\/\/www.dnn.de\/Dresden\/Lokales\/Dresdner-Farbensammlung-fuehrt-Schattendasein<\/a><br \/>\n<a href=\"https:\/\/www.deutsches-farbenzentrum.de\/2009\/11\/sammlung-farbenlehre-an-der-tu-dresden\/\">https:\/\/www.deutsches-farbenzentrum.de\/2009\/11\/sammlung-farbenlehre-an-der-tu-dresden\/<\/a><br \/>\nFarben und Sammlung Farbenlehre an der TU Dresden<\/p>\n<p><a href=\"http:\/\/www.farbaks.de\">http:\/\/www.farbaks.de<\/a><br \/>\nForschungsprojekt FARBAKS (Farbe als Akteur und Speicher)<\/p>\n<p><a href=\"http:\/\/kuepperscolor.de\">http:\/\/kuepperscolor.de<\/a><br \/>\nHarald K\u00fcppers<\/p>\n<p><a href=\"https:\/\/www.bendin-color.de\">https:\/\/www.bendin-color.de<\/a><br \/>\nEckhard Bendin<\/p>\n<p><a href=\"http:\/\/www.wilhelm-ostwald.de\">http:\/\/www.wilhelm-ostwald.de<\/a><br \/>\nWilhelm Ostwald<\/p>\n<p><a href=\"http:\/\/www.wilhelm-ostwald-park.de\">http:\/\/www.wilhelm-ostwald-park.de<\/a><br \/>\nWilhelm Ostwald Park und Museum Gro\u00dfbothen<\/p>\n<p><a href=\"http:\/\/www.freiefarbe.de\/thema-farbe\/colour-people\/harald-kueppers-kuepperscolor\/\">https:\/\/www.freiefarbe.de\/thema-farbe\/colour-people\/harald-kueppers-kuepperscolor\/<\/a><br \/>\nInterview mit Harald K\u00fcppers<\/p>\n","protected":false},"excerpt":{"rendered":"Famous names such as Johann Wolfgang von Goethe, Wilhelm Ostwald and Manfred Richter bear witness to Central Germany's leading role...","protected":false},"author":8,"featured_media":4468,"comment_status":"open","ping_status":"open","sticky":false,"template":"","format":"standard","meta":{"_oasis_is_in_workflow":0,"_oasis_original":0,"footnotes":""},"categories":[18],"tags":[],"class_list":{"0":"post-4478","1":"post","2":"type-post","3":"status-publish","4":"format-standard","5":"has-post-thumbnail","7":"category-allgemein"},"_links":{"self":[{"href":"https:\/\/freiefarbe.de\/en\/wp-json\/wp\/v2\/posts\/4478","targetHints":{"allow":["GET"]}}],"collection":[{"href":"https:\/\/freiefarbe.de\/en\/wp-json\/wp\/v2\/posts"}],"about":[{"href":"https:\/\/freiefarbe.de\/en\/wp-json\/wp\/v2\/types\/post"}],"author":[{"embeddable":true,"href":"https:\/\/freiefarbe.de\/en\/wp-json\/wp\/v2\/users\/8"}],"replies":[{"embeddable":true,"href":"https:\/\/freiefarbe.de\/en\/wp-json\/wp\/v2\/comments?post=4478"}],"version-history":[{"count":1,"href":"https:\/\/freiefarbe.de\/en\/wp-json\/wp\/v2\/posts\/4478\/revisions"}],"predecessor-version":[{"id":6570,"href":"https:\/\/freiefarbe.de\/en\/wp-json\/wp\/v2\/posts\/4478\/revisions\/6570"}],"wp:featuredmedia":[{"embeddable":true,"href":"https:\/\/freiefarbe.de\/en\/wp-json\/wp\/v2\/media\/4468"}],"wp:attachment":[{"href":"https:\/\/freiefarbe.de\/en\/wp-json\/wp\/v2\/media?parent=4478"}],"wp:term":[{"taxonomy":"category","embeddable":true,"href":"https:\/\/freiefarbe.de\/en\/wp-json\/wp\/v2\/categories?post=4478"},{"taxonomy":"post_tag","embeddable":true,"href":"https:\/\/freiefarbe.de\/en\/wp-json\/wp\/v2\/tags?post=4478"}],"curies":[{"name":"wp","href":"https:\/\/api.w.org\/{rel}","templated":true}]}}